{"id":745,"date":"2016-02-21T14:04:13","date_gmt":"2016-02-21T13:04:13","guid":{"rendered":"http:\/\/forest.it\/?p=745&#038;lang=de"},"modified":"2017-04-20T17:29:25","modified_gmt":"2017-04-20T15:29:25","slug":"arbeitsberatung","status":"publish","type":"post","link":"https:\/\/www.forest.it\/de\/arbeitsberatung","title":{"rendered":"Arbeitsberatung"},"content":{"rendered":"<p><div class=\"fusion-bg-parallax\" data-bg-align=\"center bottom\" data-direction=\"down\" data-mute=\"false\" data-opacity=\"100\" data-velocity=\"-0.1\" data-mobile-enabled=\"false\" data-break_parents=\"0\" data-bg-image=\"http:\/\/forest.it\/wp-content\/uploads\/consulenza-del-lavoro-studio-di-commercialista-bolzano-ragionieri-commercialisti-ortisei-consulenti-del-lavoro-val-gardena-alto-adige.jpg\" data-bg-repeat=\"false\" ><\/div><div class=\"fusion-fullwidth fullwidth-box fusion-builder-row-1 fusion-parallax-down nonhundred-percent-fullwidth non-hundred-percent-height-scrolling\" style=\"background-color: rgba(255,255,255,0);background-image: url(&quot;http:\/\/forest.it\/wp-content\/uploads\/consulenza-del-lavoro-studio-di-commercialista-bolzano-ragionieri-commercialisti-ortisei-consulenti-del-lavoro-val-gardena-alto-adige.jpg&quot;);background-position: center bottom;background-repeat: no-repeat;padding-top:220px;padding-right:0px;padding-bottom:220px;padding-left:0px;margin-bottom: 0px;margin-top: 0px;border-width: 0px 0px 0px 0px;border-color:#eae9e9;border-style:solid;-webkit-background-size:cover;-moz-background-size:cover;-o-background-size:cover;background-size:cover;\" ><div class=\"fusion-builder-row fusion-row\"><\/div><\/div><div class=\"fusion-fullwidth fullwidth-box fusion-builder-row-2 nonhundred-percent-fullwidth non-hundred-percent-height-scrolling\" style=\"background-color: rgba(255,255,255,0);background-position: left top;background-repeat: no-repeat;padding-top:20px;padding-right:0px;padding-bottom:20px;padding-left:0px;margin-bottom: 0px;margin-top: 0px;border-width: 0px 0px 0px 0px;border-color:#eae9e9;border-style:solid;\" ><div class=\"fusion-builder-row fusion-row\"><div class=\"fusion-layout-column fusion_builder_column fusion-builder-column-0 fusion_builder_column_1_2 1_2 fusion-one-half fusion-column-first\" style=\"width:48%; margin-right: 4%;margin-top:0px;margin-bottom:20px;\"><div class=\"fusion-column-wrapper fusion-flex-column-wrapper-legacy\" style=\"background-position:left top;background-repeat:no-repeat;-webkit-background-size:cover;-moz-background-size:cover;-o-background-size:cover;background-size:cover;padding: 0px 0px 0px 0px;\"><div class=\"fusion-text fusion-text-1\"><h1>Arbeitsberatung<\/h1>\n<p>Unser Studio \u00fcbt alle T\u00e4tigkeiten eines Arbeitsberaters aus. Die korrekte Anwendung der gesetzlichen Bestimmungen erlaubt die Personalverwaltung\u00a0 von der Einstellung bis zur Entlassung. Wir erstellen den Einheitstext f\u00fcr Arbeitsverh\u00e4ltnisse und stehen dem Unternehmer zur Seite bez\u00fcglich: Beziehungen zum Personal, Vorsorgeinstitute, Einnahmeagentur und Gewerkschaften.<\/p>\n<\/div><div class=\"fusion-clearfix\"><\/div><\/div><\/div><div class=\"fusion-layout-column fusion_builder_column fusion-builder-column-1 fusion_builder_column_1_2 1_2 fusion-one-half fusion-column-last\" style=\"width:48%;margin-top:0px;margin-bottom:20px;\"><div class=\"fusion-column-wrapper fusion-flex-column-wrapper-legacy\" style=\"background-position:left top;background-repeat:no-repeat;-webkit-background-size:cover;-moz-background-size:cover;-o-background-size:cover;background-size:cover;padding: 0px 0px 0px 0px;\"><div class=\"fusion-text fusion-text-2\"><h3>DIENSTLEISTUNGEN<\/h3>\n<ul>\n<li>Lohn-und Gehaltsabrechnungen<\/li>\n<li>Lohnstreifen \u2013 Einheitslohnbuch<\/li>\n<li>Lohn- und Beitragsberechnungen und entsprechende gesetzliche Erf\u00fcllungspflichten<\/li>\n<li>Steuererleichterungen<\/li>\n<li>Anh\u00e4ngige Streitfragen mit Gewerkschaften<\/li>\n<li>Schlichtungen<\/li>\n<li>Lehrlinge<\/li>\n<li>Ausgleichskassen &#8211; gew\u00f6hnliche und au\u00dfergew\u00f6hnliche Arbeiterausgleichskasse, zeitlich begrenzte Ausgleichskasse<\/li>\n<li>An \u2013 und Abmeldungen<\/li>\n<li>Ausarbeitung der INAIL \u2013 Selbstberechnung<\/li>\n<li>COLF und Betreuungspersonen<\/li>\n<li>DURCH (Sammelbescheinigung der ordnungsgem\u00e4ssen Beitragslage)<\/li>\n<li>Igiene e sicurezza sul lavoro \u2013 DVR \u2013 Dlgs 81\/2008<\/li>\n<li>Hygiene- und Arbeitssicherheitsbestimmungen &#8211;\u00a0 DVR \u2013 GvD 81\/2008<\/li>\n<li>Mod. CU<\/li>\n<li>Verwaltungsrekurse an INPS und INAIL<\/li>\n<li>Meldungen von Invaliden<\/li>\n<li>Hygiene und Arbeitssicherheit<\/li>\n<li>Mod. F24<\/li>\n<li>Berechnung der Sozialf\u00fchrsorgebeitr\u00e4ge und Abfassung der jeweiligen Monatsmeldungen (Uniemens)<\/li>\n<li>INPS-INAIL-BAUARBEITERKASSA<\/li>\n<li>Meldungen von Arbeitsunf\u00e4lle<\/li>\n<li>Ausarbeitung der Steuererkl\u00e4rung<\/li>\n<\/ul>\n<\/div><div class=\"fusion-clearfix\"><\/div><\/div><\/div><div class=\"fusion-layout-column fusion_builder_column fusion-builder-column-2 fusion_builder_column_1_1 1_1 fusion-one-full fusion-column-first fusion-column-last fusion-column-no-min-height\" style=\"margin-top:0px;margin-bottom:0px;\"><div class=\"fusion-column-wrapper fusion-flex-column-wrapper-legacy\" style=\"background-position:left top;background-repeat:no-repeat;-webkit-background-size:cover;-moz-background-size:cover;-o-background-size:cover;background-size:cover;padding: 0px 0px 0px 0px;\"><div class=\"fusion-sep-clear\"><\/div><div class=\"fusion-separator fusion-has-icon fusion-full-width-sep\" style=\"margin-left: auto;margin-right: auto;margin-top:40px;margin-bottom:40px;width:100%;\"><div class=\"fusion-separator-border sep-double sep-solid\" style=\"border-color:#e0dede;border-top-width:1px;border-bottom-width:1px;\"><\/div><span class=\"icon-wrapper\" style=\"border-color:#e0dede;background-color:rgba(255,255,255,0);font-size:14px;width: 1.75em; height: 1.75em;border-width:1px;padding:1px;\"><i class=\" fa fa-chevron-down\" style=\"font-size: inherit;color:#e0dede;\" aria-hidden=\"true\"><\/i><\/span><div class=\"fusion-separator-border sep-double sep-solid\" style=\"border-color:#e0dede;border-top-width:1px;border-bottom-width:1px;\"><\/div><\/div><div class=\"fusion-sep-clear\"><\/div><div class=\"fusion-clearfix\"><\/div><\/div><\/div><div class=\"fusion-layout-column fusion_builder_column fusion-builder-column-3 fusion_builder_column_1_1 1_1 fusion-one-full fusion-column-first fusion-column-last fusion-column-no-min-height\" style=\"margin-top:0px;margin-bottom:0px;\"><div class=\"fusion-column-wrapper fusion-flex-column-wrapper-legacy\" style=\"background-position:left top;background-repeat:no-repeat;-webkit-background-size:cover;-moz-background-size:cover;-o-background-size:cover;background-size:cover;padding: 0px 0px 0px 0px;\"><div class=\"fusion-recent-posts fusion-recent-posts-1 avada-container layout-default layout-columns-4\"><section class=\"fusion-columns columns fusion-columns-4 columns-4\"><article class=\"post fusion-column column col col-lg-3 col-md-3 col-sm-3 fusion-animated\" data-animationType=\"slideInLeft\" data-animationDuration=\"1\" data-animationOffset=\"100%\"><div class=\"fusion-flexslider fusion-flexslider-loading flexslider flexslider-hover-type-none\"><ul class=\"slides\"><li><a href=\"https:\/\/www.forest.it\/de\/front-desk-service-und-sekretariat\" aria-label=\"Front-desk Service und Sekretariat\" class=\"hover-type-none\"><img width=\"700\" height=\"441\" src=\"https:\/\/www.forest.it\/wp-content\/uploads\/front-desk-segreteria-studio-di-commercialista-bolzano-ragionieri-commercialisti-ortisei-consulenti-del-lavoro-val-gardena-alto-adige-700x441.jpg\" class=\"attachment-recent-posts size-recent-posts\" alt=\"\" decoding=\"async\" srcset=\"https:\/\/www.forest.it\/wp-content\/uploads\/front-desk-segreteria-studio-di-commercialista-bolzano-ragionieri-commercialisti-ortisei-consulenti-del-lavoro-val-gardena-alto-adige-320x202.jpg 320w, https:\/\/www.forest.it\/wp-content\/uploads\/front-desk-segreteria-studio-di-commercialista-bolzano-ragionieri-commercialisti-ortisei-consulenti-del-lavoro-val-gardena-alto-adige-700x441.jpg 700w\" sizes=\"(max-width: 700px) 100vw, 700px\" \/><\/a><\/li><\/ul><\/div><div class=\"recent-posts-content\"><span class=\"vcard\" style=\"display: none;\"><span class=\"fn\"><a href=\"https:\/\/www.forest.it\/de\/author\/advstudio-it\" title=\"Beitr\u00e4ge von ADVstudio.it\" rel=\"author\">ADVstudio.it<\/a><\/span><\/span><span class=\"updated\" style=\"display:none;\">2017-04-20T17:29:38+02:00<\/span><h4 class=\"entry-title\"><a href=\"https:\/\/www.forest.it\/de\/front-desk-service-und-sekretariat\">Front-desk Service und Sekretariat<\/a><\/h4><\/div><\/article><article class=\"post fusion-column column col col-lg-3 col-md-3 col-sm-3 fusion-animated\" data-animationType=\"slideInLeft\" data-animationDuration=\"1\" data-animationOffset=\"100%\"><div class=\"fusion-flexslider fusion-flexslider-loading flexslider flexslider-hover-type-none\"><ul class=\"slides\"><li><a href=\"https:\/\/www.forest.it\/de\/buchhaltung\" aria-label=\"BUCHHALTUND UND STEUERERKL\u00c4RUNG\" class=\"hover-type-none\"><img width=\"700\" height=\"441\" src=\"https:\/\/www.forest.it\/wp-content\/uploads\/contabilita-dichiarazioni-dei-redditi-studio-di-commercialista-bolzano-ragionieri-commercialisti-ortisei-consulenti-del-lavoro-val-gardena-alto-adige-700x441.jpg\" class=\"attachment-recent-posts size-recent-posts\" alt=\"\" decoding=\"async\" srcset=\"https:\/\/www.forest.it\/wp-content\/uploads\/contabilita-dichiarazioni-dei-redditi-studio-di-commercialista-bolzano-ragionieri-commercialisti-ortisei-consulenti-del-lavoro-val-gardena-alto-adige-320x202.jpg 320w, https:\/\/www.forest.it\/wp-content\/uploads\/contabilita-dichiarazioni-dei-redditi-studio-di-commercialista-bolzano-ragionieri-commercialisti-ortisei-consulenti-del-lavoro-val-gardena-alto-adige-700x441.jpg 700w\" sizes=\"(max-width: 700px) 100vw, 700px\" \/><\/a><\/li><\/ul><\/div><div class=\"recent-posts-content\"><span class=\"vcard\" style=\"display: none;\"><span class=\"fn\"><a href=\"https:\/\/www.forest.it\/de\/author\/advstudio-it\" title=\"Beitr\u00e4ge von ADVstudio.it\" rel=\"author\">ADVstudio.it<\/a><\/span><\/span><span class=\"updated\" style=\"display:none;\">2017-04-20T17:29:04+02:00<\/span><h4 class=\"entry-title\"><a href=\"https:\/\/www.forest.it\/de\/buchhaltung\">BUCHHALTUND UND STEUERERKL\u00c4RUNG<\/a><\/h4><\/div><\/article><article class=\"post fusion-column column col col-lg-3 col-md-3 col-sm-3 fusion-animated\" data-animationType=\"slideInLeft\" data-animationDuration=\"1\" data-animationOffset=\"100%\"><div class=\"fusion-flexslider fusion-flexslider-loading flexslider flexslider-hover-type-none\"><ul class=\"slides\"><li><a href=\"https:\/\/www.forest.it\/de\/beratung-und-hochqualifizierte-dienstleistungen\" aria-label=\"Beratung und hochqualifizierte Dienstleistungen\" class=\"hover-type-none\"><img width=\"700\" height=\"441\" src=\"https:\/\/www.forest.it\/wp-content\/uploads\/consulenza-servizi-alto-contenuto-studio-di-commercialista-bolzano-ragionieri-commercialisti-ortisei-consulenti-del-lavoro-val-gardena-alto-adige-700x441.jpg\" class=\"attachment-recent-posts size-recent-posts\" alt=\"\" decoding=\"async\" srcset=\"https:\/\/www.forest.it\/wp-content\/uploads\/consulenza-servizi-alto-contenuto-studio-di-commercialista-bolzano-ragionieri-commercialisti-ortisei-consulenti-del-lavoro-val-gardena-alto-adige-320x202.jpg 320w, https:\/\/www.forest.it\/wp-content\/uploads\/consulenza-servizi-alto-contenuto-studio-di-commercialista-bolzano-ragionieri-commercialisti-ortisei-consulenti-del-lavoro-val-gardena-alto-adige-700x441.jpg 700w\" sizes=\"(max-width: 700px) 100vw, 700px\" \/><\/a><\/li><\/ul><\/div><div class=\"recent-posts-content\"><span class=\"vcard\" style=\"display: none;\"><span class=\"fn\"><a href=\"https:\/\/www.forest.it\/de\/author\/advstudio-it\" title=\"Beitr\u00e4ge von ADVstudio.it\" rel=\"author\">ADVstudio.it<\/a><\/span><\/span><span class=\"updated\" style=\"display:none;\">2017-04-20T17:29:45+02:00<\/span><h4 class=\"entry-title\"><a href=\"https:\/\/www.forest.it\/de\/beratung-und-hochqualifizierte-dienstleistungen\">Beratung und hochqualifizierte Dienstleistungen<\/a><\/h4><\/div><\/article><article class=\"post fusion-column column col col-lg-3 col-md-3 col-sm-3 fusion-animated\" data-animationType=\"slideInLeft\" data-animationDuration=\"1\" data-animationOffset=\"100%\"><div class=\"fusion-flexslider fusion-flexslider-loading flexslider flexslider-hover-type-none\"><ul class=\"slides\"><li><a href=\"https:\/\/www.forest.it\/de\/arbeitsberatung\" aria-label=\"Arbeitsberatung\" class=\"hover-type-none\"><img width=\"700\" height=\"441\" src=\"https:\/\/www.forest.it\/wp-content\/uploads\/consulenza-del-lavoro-studio-di-commercialista-bolzano-ragionieri-commercialisti-ortisei-consulenti-del-lavoro-val-gardena-alto-adige-700x441.jpg\" class=\"attachment-recent-posts size-recent-posts\" alt=\"\" decoding=\"async\" srcset=\"https:\/\/www.forest.it\/wp-content\/uploads\/consulenza-del-lavoro-studio-di-commercialista-bolzano-ragionieri-commercialisti-ortisei-consulenti-del-lavoro-val-gardena-alto-adige-320x202.jpg 320w, https:\/\/www.forest.it\/wp-content\/uploads\/consulenza-del-lavoro-studio-di-commercialista-bolzano-ragionieri-commercialisti-ortisei-consulenti-del-lavoro-val-gardena-alto-adige-700x441.jpg 700w\" sizes=\"(max-width: 700px) 100vw, 700px\" \/><\/a><\/li><\/ul><\/div><div class=\"recent-posts-content\"><span class=\"vcard\" style=\"display: none;\"><span class=\"fn\"><a href=\"https:\/\/www.forest.it\/de\/author\/advstudio-it\" title=\"Beitr\u00e4ge von ADVstudio.it\" rel=\"author\">ADVstudio.it<\/a><\/span><\/span><span class=\"updated\" style=\"display:none;\">2017-04-20T17:29:25+02:00<\/span><h4 class=\"entry-title\"><a href=\"https:\/\/www.forest.it\/de\/arbeitsberatung\">Arbeitsberatung<\/a><\/h4><\/div><\/article><\/section><\/div><div class=\"fusion-clearfix\"><\/div><\/div><\/div><\/div><\/div><\/p>\n","protected":false},"excerpt":{"rendered":"","protected":false},"author":1,"featured_media":848,"comment_status":"open","ping_status":"closed","sticky":false,"template":"","format":"standard","meta":{"footnotes":""},"categories":[6],"tags":[],"yoast_head":"<!-- This site is optimized with the Yoast SEO plugin v21.0 - https:\/\/yoast.com\/wordpress\/plugins\/seo\/ -->\n<title>Arbeitsberatung - Studio Forest<\/title>\n<meta name=\"robots\" content=\"index, follow, max-snippet:-1, max-image-preview:large, max-video-preview:-1\" \/>\n<link rel=\"canonical\" href=\"https:\/\/www.forest.it\/de\/arbeitsberatung\" \/>\n<meta property=\"og:locale\" content=\"de_DE\" \/>\n<meta property=\"og:type\" content=\"article\" \/>\n<meta property=\"og:title\" content=\"Arbeitsberatung - Studio Forest\" \/>\n<meta property=\"og:url\" content=\"https:\/\/www.forest.it\/de\/arbeitsberatung\" \/>\n<meta property=\"og:site_name\" content=\"Studio Forest\" \/>\n<meta property=\"article:published_time\" content=\"2016-02-21T13:04:13+00:00\" \/>\n<meta property=\"article:modified_time\" content=\"2017-04-20T15:29:25+00:00\" \/>\n<meta property=\"og:image\" content=\"https:\/\/www.forest.it\/wp-content\/uploads\/consulenza-del-lavoro-studio-di-commercialista-bolzano-ragionieri-commercialisti-ortisei-consulenti-del-lavoro-val-gardena-alto-adige.jpg\" \/>\n\t<meta property=\"og:image:width\" content=\"1920\" \/>\n\t<meta property=\"og:image:height\" content=\"700\" \/>\n\t<meta property=\"og:image:type\" content=\"image\/jpeg\" \/>\n<meta name=\"author\" content=\"ADVstudio.it\" \/>\n<meta name=\"twitter:label1\" content=\"Verfasst von\" \/>\n\t<meta name=\"twitter:data1\" content=\"ADVstudio.it\" \/>\n\t<meta name=\"twitter:label2\" content=\"Gesch\u00e4tzte Lesezeit\" \/>\n\t<meta name=\"twitter:data2\" content=\"3\u00a0Minuten\" \/>\n<script type=\"application\/ld+json\" class=\"yoast-schema-graph\">{\"@context\":\"https:\/\/schema.org\",\"@graph\":[{\"@type\":\"WebPage\",\"@id\":\"https:\/\/www.forest.it\/de\/arbeitsberatung\",\"url\":\"https:\/\/www.forest.it\/de\/arbeitsberatung\",\"name\":\"Arbeitsberatung - Studio Forest\",\"isPartOf\":{\"@id\":\"https:\/\/www.forest.it\/#website\"},\"datePublished\":\"2016-02-21T13:04:13+00:00\",\"dateModified\":\"2017-04-20T15:29:25+00:00\",\"author\":{\"@id\":\"https:\/\/www.forest.it\/#\/schema\/person\/ebe90e7cf15e8685cd3fa0c9a080772b\"},\"breadcrumb\":{\"@id\":\"https:\/\/www.forest.it\/de\/arbeitsberatung#breadcrumb\"},\"inLanguage\":\"de\",\"potentialAction\":[{\"@type\":\"ReadAction\",\"target\":[\"https:\/\/www.forest.it\/de\/arbeitsberatung\"]}]},{\"@type\":\"BreadcrumbList\",\"@id\":\"https:\/\/www.forest.it\/de\/arbeitsberatung#breadcrumb\",\"itemListElement\":[{\"@type\":\"ListItem\",\"position\":1,\"name\":\"Home\",\"item\":\"https:\/\/www.forest.it\/de\"},{\"@type\":\"ListItem\",\"position\":2,\"name\":\"Arbeitsberatung\"}]},{\"@type\":\"WebSite\",\"@id\":\"https:\/\/www.forest.it\/#website\",\"url\":\"https:\/\/www.forest.it\/\",\"name\":\"Studio Forest\",\"description\":\"\",\"potentialAction\":[{\"@type\":\"SearchAction\",\"target\":{\"@type\":\"EntryPoint\",\"urlTemplate\":\"https:\/\/www.forest.it\/?s={search_term_string}\"},\"query-input\":\"required name=search_term_string\"}],\"inLanguage\":\"de\"},{\"@type\":\"Person\",\"@id\":\"https:\/\/www.forest.it\/#\/schema\/person\/ebe90e7cf15e8685cd3fa0c9a080772b\",\"name\":\"ADVstudio.it\",\"image\":{\"@type\":\"ImageObject\",\"inLanguage\":\"de\",\"@id\":\"https:\/\/www.forest.it\/#\/schema\/person\/image\/\",\"url\":\"https:\/\/secure.gravatar.com\/avatar\/9d4014168c2d12bd50c8aebad3169253?s=96&d=mm&r=g\",\"contentUrl\":\"https:\/\/secure.gravatar.com\/avatar\/9d4014168c2d12bd50c8aebad3169253?s=96&d=mm&r=g\",\"caption\":\"ADVstudio.it\"},\"url\":\"https:\/\/www.forest.it\/de\/author\/advstudio-it\"}]}<\/script>\n<!-- \/ Yoast SEO plugin. -->","yoast_head_json":{"title":"Arbeitsberatung - Studio Forest","robots":{"index":"index","follow":"follow","max-snippet":"max-snippet:-1","max-image-preview":"max-image-preview:large","max-video-preview":"max-video-preview:-1"},"canonical":"https:\/\/www.forest.it\/de\/arbeitsberatung","og_locale":"de_DE","og_type":"article","og_title":"Arbeitsberatung - Studio Forest","og_url":"https:\/\/www.forest.it\/de\/arbeitsberatung","og_site_name":"Studio Forest","article_published_time":"2016-02-21T13:04:13+00:00","article_modified_time":"2017-04-20T15:29:25+00:00","og_image":[{"width":1920,"height":700,"url":"https:\/\/www.forest.it\/wp-content\/uploads\/consulenza-del-lavoro-studio-di-commercialista-bolzano-ragionieri-commercialisti-ortisei-consulenti-del-lavoro-val-gardena-alto-adige.jpg","type":"image\/jpeg"}],"author":"ADVstudio.it","twitter_misc":{"Verfasst von":"ADVstudio.it","Gesch\u00e4tzte Lesezeit":"3\u00a0Minuten"},"schema":{"@context":"https:\/\/schema.org","@graph":[{"@type":"WebPage","@id":"https:\/\/www.forest.it\/de\/arbeitsberatung","url":"https:\/\/www.forest.it\/de\/arbeitsberatung","name":"Arbeitsberatung - Studio Forest","isPartOf":{"@id":"https:\/\/www.forest.it\/#website"},"datePublished":"2016-02-21T13:04:13+00:00","dateModified":"2017-04-20T15:29:25+00:00","author":{"@id":"https:\/\/www.forest.it\/#\/schema\/person\/ebe90e7cf15e8685cd3fa0c9a080772b"},"breadcrumb":{"@id":"https:\/\/www.forest.it\/de\/arbeitsberatung#breadcrumb"},"inLanguage":"de","potentialAction":[{"@type":"ReadAction","target":["https:\/\/www.forest.it\/de\/arbeitsberatung"]}]},{"@type":"BreadcrumbList","@id":"https:\/\/www.forest.it\/de\/arbeitsberatung#breadcrumb","itemListElement":[{"@type":"ListItem","position":1,"name":"Home","item":"https:\/\/www.forest.it\/de"},{"@type":"ListItem","position":2,"name":"Arbeitsberatung"}]},{"@type":"WebSite","@id":"https:\/\/www.forest.it\/#website","url":"https:\/\/www.forest.it\/","name":"Studio Forest","description":"","potentialAction":[{"@type":"SearchAction","target":{"@type":"EntryPoint","urlTemplate":"https:\/\/www.forest.it\/?s={search_term_string}"},"query-input":"required name=search_term_string"}],"inLanguage":"de"},{"@type":"Person","@id":"https:\/\/www.forest.it\/#\/schema\/person\/ebe90e7cf15e8685cd3fa0c9a080772b","name":"ADVstudio.it","image":{"@type":"ImageObject","inLanguage":"de","@id":"https:\/\/www.forest.it\/#\/schema\/person\/image\/","url":"https:\/\/secure.gravatar.com\/avatar\/9d4014168c2d12bd50c8aebad3169253?s=96&d=mm&r=g","contentUrl":"https:\/\/secure.gravatar.com\/avatar\/9d4014168c2d12bd50c8aebad3169253?s=96&d=mm&r=g","caption":"ADVstudio.it"},"url":"https:\/\/www.forest.it\/de\/author\/advstudio-it"}]}},"_links":{"self":[{"href":"https:\/\/www.forest.it\/de\/wp-json\/wp\/v2\/posts\/745"}],"collection":[{"href":"https:\/\/www.forest.it\/de\/wp-json\/wp\/v2\/posts"}],"about":[{"href":"https:\/\/www.forest.it\/de\/wp-json\/wp\/v2\/types\/post"}],"author":[{"embeddable":true,"href":"https:\/\/www.forest.it\/de\/wp-json\/wp\/v2\/users\/1"}],"replies":[{"embeddable":true,"href":"https:\/\/www.forest.it\/de\/wp-json\/wp\/v2\/comments?post=745"}],"version-history":[{"count":5,"href":"https:\/\/www.forest.it\/de\/wp-json\/wp\/v2\/posts\/745\/revisions"}],"predecessor-version":[{"id":928,"href":"https:\/\/www.forest.it\/de\/wp-json\/wp\/v2\/posts\/745\/revisions\/928"}],"wp:featuredmedia":[{"embeddable":true,"href":"https:\/\/www.forest.it\/de\/wp-json\/wp\/v2\/media\/848"}],"wp:attachment":[{"href":"https:\/\/www.forest.it\/de\/wp-json\/wp\/v2\/media?parent=745"}],"wp:term":[{"taxonomy":"category","embeddable":true,"href":"https:\/\/www.forest.it\/de\/wp-json\/wp\/v2\/categories?post=745"},{"taxonomy":"post_tag","embeddable":true,"href":"https:\/\/www.forest.it\/de\/wp-json\/wp\/v2\/tags?post=745"}],"curies":[{"name":"wp","href":"https:\/\/api.w.org\/{rel}","templated":true}]}}